{"id":15056,"date":"2019-11-28T07:54:58","date_gmt":"2019-11-28T07:54:58","guid":{"rendered":"https:\/\/www.spg-pack.com\/targi-fachpack-2019-norymberga\/"},"modified":"2019-11-28T07:54:58","modified_gmt":"2019-11-28T07:54:58","slug":"targi-fachpack-2019-norymberga","status":"publish","type":"post","link":"https:\/\/www.spg-pack.com\/pl\/targi-fachpack-2019-norymberga\/","title":{"rendered":"Targi  FACHPACK 2019, Norymberga"},"content":{"rendered":"<p>Po raz kolejny byli\u015bmy obecni na FACHPACK, najwa\u017cniejszych europejskich targach po\u015bwi\u0119conych innowacyjnym technologiom pakowania i etykietowania. W SP GROUP jeste\u015bmy szczeg\u00f3lnie zaanga\u017cowani w zr\u00f3wnowa\u017cony rozw\u00f3j i charakteryzuje nas zdolno\u015b\u0107 do dostosowywania si\u0119 do ci\u0105g\u0142ych zmian na rynku oraz umiej\u0119tno\u015b\u0107 przewidywania potrzeb naszych klient\u00f3w. Na wspomnianych targach zaprezentowali\u015bmy nasze ostatnie nowo\u015bci w dziedzinie zr\u00f3wnowa\u017conego rozwoju;<\/p>\n<ul>\n<li><strong><u>PE HB ECO,<\/u><\/strong> materia\u0142 w 100% nadaj\u0105cy si\u0119 do recyklingu, z linii struktur jednomateria\u0142owych, kt\u00f3ra sta\u0142a si\u0119 najbardziej innowacyjnym rozwi\u0105zaniem opakowaniowym na rynku.<\/li>\n<li><strong><u>BIONATURE SOL<\/u><\/strong>, biodegradowalna struktura z papieru kraft laminowanego BIO FVSOL, specjalnie przeznaczona do zastosowa\u0144 wymagaj\u0105cych wysokich barier dla tlenu.<\/li>\n<li>I wreszcie, ca\u0142a nasza oferta <strong><u>folii biodegradowalnych i kompostowalnych<\/u><\/strong>, posiadaj\u0105cych barier\u0119 PVOH, kt\u00f3ra czyni je ca\u0142kowicie wyj\u0105tkowymi na rynku.<\/li>\n<\/ul>\n<p>&nbsp;<\/p>\n<p>Jeste\u015bmy bardzo zadowoleni z doskona\u0142ego odbioru naszych produkt\u00f3w. Wr\u00f3cimy!<\/p>\n","protected":false},"excerpt":{"rendered":"<p>Po raz kolejny byli\u015bmy obecni na FACHPACK, najwa\u017cniejszych europejskich targach po\u015bwi\u0119conych innowacyjnym technologiom pakowania i etykietowania. W SP GROUP jeste\u015bmy szczeg\u00f3lnie zaanga\u017cowani w zr\u00f3wnowa\u017cony rozw\u00f3j i charakteryzuje nas zdolno\u015b\u0107 do dostosowywania si\u0119&#8230;<\/p>\n","protected":false},"author":10,"featured_media":15057,"comment_status":"open","ping_status":"closed","sticky":false,"template":"","format":"standard","meta":{"_acf_changed":false,"_uag_custom_page_level_css":"","footnotes":""},"categories":[487],"tags":[],"class_list":["post-15056","post","type-post","status-publish","format-standard","has-post-thumbnail","hentry","category-wiadomosci-i-przeglad"],"acf":[],"uagb_featured_image_src":{"full":["https:\/\/www.spg-pack.com\/wp-content\/uploads\/2022\/04\/MINIATURA-web-REVIEW-FACHPACK-2.jpg",238,360,false],"thumbnail":["https:\/\/www.spg-pack.com\/wp-content\/uploads\/2022\/04\/MINIATURA-web-REVIEW-FACHPACK-2-150x150.jpg",150,150,true],"medium":["https:\/\/www.spg-pack.com\/wp-content\/uploads\/2022\/04\/MINIATURA-web-REVIEW-FACHPACK-2-198x300.jpg",198,300,true],"medium_large":["https:\/\/www.spg-pack.com\/wp-content\/uploads\/2022\/04\/MINIATURA-web-REVIEW-FACHPACK-2.jpg",238,360,false],"large":["https:\/\/www.spg-pack.com\/wp-content\/uploads\/2022\/04\/MINIATURA-web-REVIEW-FACHPACK-2.jpg",238,360,false],"1536x1536":["https:\/\/www.spg-pack.com\/wp-content\/uploads\/2022\/04\/MINIATURA-web-REVIEW-FACHPACK-2.jpg",238,360,false],"2048x2048":["https:\/\/www.spg-pack.com\/wp-content\/uploads\/2022\/04\/MINIATURA-web-REVIEW-FACHPACK-2.jpg",238,360,false],"destacado-size":["https:\/\/www.spg-pack.com\/wp-content\/uploads\/2022\/04\/MINIATURA-web-REVIEW-FACHPACK-2-238x180.jpg",238,180,true],"cuadrado-size":["https:\/\/www.spg-pack.com\/wp-content\/uploads\/2022\/04\/MINIATURA-web-REVIEW-FACHPACK-2-238x250.jpg",238,250,true]},"uagb_author_info":{"display_name":"AGSanchez","author_link":"https:\/\/www.spg-pack.com\/pl\/author\/agsanchez\/"},"uagb_comment_info":0,"uagb_excerpt":"Po raz kolejny byli\u015bmy obecni na FACHPACK, najwa\u017cniejszych europejskich targach po\u015bwi\u0119conych innowacyjnym technologiom pakowania i etykietowania. W SP GROUP jeste\u015bmy szczeg\u00f3lnie zaanga\u017cowani w zr\u00f3wnowa\u017cony rozw\u00f3j i charakteryzuje nas zdolno\u015b\u0107 do dostosowywania si\u0119...","_links":{"self":[{"href":"https:\/\/www.spg-pack.com\/pl\/wp-json\/wp\/v2\/posts\/15056","targetHints":{"allow":["GET"]}}],"collection":[{"href":"https:\/\/www.spg-pack.com\/pl\/wp-json\/wp\/v2\/posts"}],"about":[{"href":"https:\/\/www.spg-pack.com\/pl\/wp-json\/wp\/v2\/types\/post"}],"author":[{"embeddable":true,"href":"https:\/\/www.spg-pack.com\/pl\/wp-json\/wp\/v2\/users\/10"}],"replies":[{"embeddable":true,"href":"https:\/\/www.spg-pack.com\/pl\/wp-json\/wp\/v2\/comments?post=15056"}],"version-history":[{"count":0,"href":"https:\/\/www.spg-pack.com\/pl\/wp-json\/wp\/v2\/posts\/15056\/revisions"}],"wp:featuredmedia":[{"embeddable":true,"href":"https:\/\/www.spg-pack.com\/pl\/wp-json\/wp\/v2\/media\/15057"}],"wp:attachment":[{"href":"https:\/\/www.spg-pack.com\/pl\/wp-json\/wp\/v2\/media?parent=15056"}],"wp:term":[{"taxonomy":"category","embeddable":true,"href":"https:\/\/www.spg-pack.com\/pl\/wp-json\/wp\/v2\/categories?post=15056"},{"taxonomy":"post_tag","embeddable":true,"href":"https:\/\/www.spg-pack.com\/pl\/wp-json\/wp\/v2\/tags?post=15056"}],"curies":[{"name":"wp","href":"https:\/\/api.w.org\/{rel}","templated":true}]}}