{"id":28888,"date":"2025-09-26T14:05:04","date_gmt":"2025-09-26T12:05:04","guid":{"rendered":"https:\/\/www.spg-pack.com\/?p=28888"},"modified":"2025-09-29T10:35:31","modified_gmt":"2025-09-29T08:35:31","slug":"engagement-social-et-communautaire","status":"publish","type":"post","link":"https:\/\/www.spg-pack.com\/fr\/engagement-social-et-communautaire\/","title":{"rendered":"Au-del\u00e0 de l\u2019emballage : engagement social et communautaire"},"content":{"rendered":"\n<p>Chez <strong>SP Group<\/strong>, nous sommes convaincus que notre engagement en mati\u00e8re de durabilit\u00e9 commence par les personnes et par l\u2019environnement dans lequel nous exer\u00e7ons notre activit\u00e9. C\u2019est pourquoi nous collaborons activement \u00e0 des initiatives sociales, culturelles et sportives qui apportent de la valeur \u00e0 nos communaut\u00e9s locales.<\/p>\n\n\n\n<div class=\"wp-block-uagb-image alignleft uagb-block-5faff8da wp-block-uagb-image--layout-default wp-block-uagb-image--effect-static wp-block-uagb-image--align-left\"><figure class=\"wp-block-uagb-image__figure\"><img loading=\"lazy\" decoding=\"async\" srcset=\"https:\/\/www.spg-pack.com\/wp-content\/uploads\/2025\/09\/yannick-2.png ,https:\/\/www.spg-pack.com\/wp-content\/uploads\/2025\/09\/yannick-2.png 780w, https:\/\/www.spg-pack.com\/wp-content\/uploads\/2025\/09\/yannick-2.png 360w\" sizes=\"auto, (max-width: 480px) 150px\" src=\"https:\/\/www.spg-pack.com\/wp-content\/uploads\/2025\/09\/yannick-2.png\" alt=\"\" class=\"uag-image-28905\" width=\"283\" height=\"209\" title=\"yannick 2\" loading=\"lazy\" role=\"img\"\/><\/figure><\/div>\n\n\n\n<p>Cette ann\u00e9e, nous avons eu l\u2019honneur de recevoir un <strong>Troph\u00e9e des Entrepreneurs de l\u2019Artois<\/strong>, d\u00e9cern\u00e9 par le <strong>MEDEF Artois<\/strong>. Une distinction qui nous remplit de fiert\u00e9 et qui renforce notre engagement en faveur de l\u2019innovation, de la durabilit\u00e9 et de notre implication dans le tissu \u00e9conomique de la r\u00e9gion.<\/p>\n\n\n\n<p>Nous disposons \u00e9galement du certificat <a href=\"https:\/\/choosemycompany.com\/es\/clasificaciones\/2026\/trainees?regionCode=ES&amp;size=21-50\" target=\"_blank\" rel=\"noreferrer noopener\"><strong>Happy Trainee<\/strong>,<\/a> qui atteste de la qualit\u00e9 de nos programmes de stages et de notre engagement fort en faveur de la formation et du d\u00e9veloppement professionnel des jeunes talents.<\/p>\n\n\n\n<p>Tout au long de l\u2019ann\u00e9e, nous parrainons des <a href=\"https:\/\/www.spg-pack.com\/fr\/engagement-envers-la-rse\/\" target=\"_blank\" rel=\"noreferrer noopener\">projets et des associations<\/a> qui partagent nos valeurs, aussi bien au sein de nos usines en Espagne que dans celles situ\u00e9es en France.<\/p>\n","protected":false},"excerpt":{"rendered":"<p>Chez SP Group, nous sommes convaincus que notre engagement en mati\u00e8re de durabilit\u00e9 commence par les personnes et par l\u2019environnement [&hellip;]<\/p>\n","protected":false},"author":10,"featured_media":28829,"comment_status":"closed","ping_status":"closed","sticky":false,"template":"","format":"standard","meta":{"_acf_changed":false,"_uag_custom_page_level_css":"","footnotes":""},"categories":[457],"tags":[],"class_list":["post-28888","post","type-post","status-publish","format-standard","has-post-thumbnail","hentry","category-actualites-et-presses"],"acf":[],"uagb_featured_image_src":{"full":["https:\/\/www.spg-pack.com\/wp-content\/uploads\/2025\/09\/08MINI.png",453,741,false],"thumbnail":["https:\/\/www.spg-pack.com\/wp-content\/uploads\/2025\/09\/08MINI-150x150.png",150,150,true],"medium":["https:\/\/www.spg-pack.com\/wp-content\/uploads\/2025\/09\/08MINI-183x300.png",183,300,true],"medium_large":["https:\/\/www.spg-pack.com\/wp-content\/uploads\/2025\/09\/08MINI.png",453,741,false],"large":["https:\/\/www.spg-pack.com\/wp-content\/uploads\/2025\/09\/08MINI.png",453,741,false],"1536x1536":["https:\/\/www.spg-pack.com\/wp-content\/uploads\/2025\/09\/08MINI.png",453,741,false],"2048x2048":["https:\/\/www.spg-pack.com\/wp-content\/uploads\/2025\/09\/08MINI.png",453,741,false],"destacado-size":["https:\/\/www.spg-pack.com\/wp-content\/uploads\/2025\/09\/08MINI-260x180.png",260,180,true],"cuadrado-size":["https:\/\/www.spg-pack.com\/wp-content\/uploads\/2025\/09\/08MINI-250x250.png",250,250,true]},"uagb_author_info":{"display_name":"AGSanchez","author_link":"https:\/\/www.spg-pack.com\/fr\/author\/agsanchez\/"},"uagb_comment_info":0,"uagb_excerpt":"Chez SP Group, nous sommes convaincus que notre engagement en mati\u00e8re de durabilit\u00e9 commence par les personnes et par l\u2019environnement [&hellip;]","_links":{"self":[{"href":"https:\/\/www.spg-pack.com\/fr\/wp-json\/wp\/v2\/posts\/28888","targetHints":{"allow":["GET"]}}],"collection":[{"href":"https:\/\/www.spg-pack.com\/fr\/wp-json\/wp\/v2\/posts"}],"about":[{"href":"https:\/\/www.spg-pack.com\/fr\/wp-json\/wp\/v2\/types\/post"}],"author":[{"embeddable":true,"href":"https:\/\/www.spg-pack.com\/fr\/wp-json\/wp\/v2\/users\/10"}],"replies":[{"embeddable":true,"href":"https:\/\/www.spg-pack.com\/fr\/wp-json\/wp\/v2\/comments?post=28888"}],"version-history":[{"count":4,"href":"https:\/\/www.spg-pack.com\/fr\/wp-json\/wp\/v2\/posts\/28888\/revisions"}],"predecessor-version":[{"id":28911,"href":"https:\/\/www.spg-pack.com\/fr\/wp-json\/wp\/v2\/posts\/28888\/revisions\/28911"}],"wp:featuredmedia":[{"embeddable":true,"href":"https:\/\/www.spg-pack.com\/fr\/wp-json\/wp\/v2\/media\/28829"}],"wp:attachment":[{"href":"https:\/\/www.spg-pack.com\/fr\/wp-json\/wp\/v2\/media?parent=28888"}],"wp:term":[{"taxonomy":"category","embeddable":true,"href":"https:\/\/www.spg-pack.com\/fr\/wp-json\/wp\/v2\/categories?post=28888"},{"taxonomy":"post_tag","embeddable":true,"href":"https:\/\/www.spg-pack.com\/fr\/wp-json\/wp\/v2\/tags?post=28888"}],"curies":[{"name":"wp","href":"https:\/\/api.w.org\/{rel}","templated":true}]}}