{"id":28862,"date":"2025-09-25T14:53:20","date_gmt":"2025-09-25T12:53:20","guid":{"rendered":"https:\/\/www.spg-pack.com\/?p=28862"},"modified":"2025-09-25T14:53:22","modified_gmt":"2025-09-25T12:53:22","slug":"spg-accelere-la-transition-du-secteur-agroalimentaire-a-travers-un-projet-europeen-ambitieux-dinnovation","status":"publish","type":"post","link":"https:\/\/www.spg-pack.com\/fr\/spg-accelere-la-transition-du-secteur-agroalimentaire-a-travers-un-projet-europeen-ambitieux-dinnovation\/","title":{"rendered":"SPG acc\u00e9l\u00e8re la transition du secteur agroalimentaire \u00e0 travers un projet europ\u00e9en ambitieux d\u2019innovation"},"content":{"rendered":"\n<p><strong>SP Group participe \u00e0 une initiative europ\u00e9enne ambitieuse d\u2019innovation<\/strong> visant \u00e0 d\u00e9velopper de nouvelles solutions durables et digitales, garantissant la s\u00e9curit\u00e9 alimentaire et la tra\u00e7abilit\u00e9 compl\u00e8te dans la fili\u00e8re de transformation des l\u00e9gumes.<\/p>\n\n\n\n<p>Ce projet, men\u00e9 dans le sud de l\u2019Europe et soutenu par les fonds <strong><a href=\"https:\/\/next-generation-eu.europa.eu\/index_fr\" target=\"_blank\" rel=\"noreferrer noopener\">NextGenerationEU<\/a><\/strong> \u00e0 travers le Plan espagnol de Relance, Transformation et R\u00e9silience, cherche \u00e0 g\u00e9n\u00e9rer un impact socio-\u00e9conomique positif tout en promouvant des mod\u00e8les de production et d\u2019emballage plus respectueux de l\u2019environnement.<\/p>\n\n\n\n<p><strong>Un effort collaboratif d\u2019envergure europ\u00e9enne<\/strong><br>Plus de vingt entreprises agroalimentaires majeures unissent leurs forces pour couvrir toute la cha\u00eene de valeur : production, transformation, emballage et distribution. <a href=\"https:\/\/www.spg-pack.com\/fr\/la-durabilite-une-strategie-transversale-portee-depuis-linterieur\/\" target=\"_blank\" rel=\"noreferrer noopener\">La contribution de <strong>SPG<\/strong> <\/a>se concentre sur le d\u00e9veloppement de nouveaux emballages grand format, recyclables et issus de mat\u00e9riaux recycl\u00e9s, afin d\u2019accompagner les PME alimentaires vers des solutions d\u2019emballage plus durables.<\/p>\n\n\n\n<p><strong>Renforcer le leadership de SPG en durabilit\u00e9 et technologie<\/strong><br>Pour SPG, participer \u00e0 cette initiative europ\u00e9enne est une \u00e9tape naturelle dans notre strat\u00e9gie d\u2019innovation durable. Nous travaillons sur des mat\u00e9riaux recyclables \u00e0 haute barri\u00e8re, conformes aux nouvelles r\u00e9glementations europ\u00e9ennes et aux attentes des consommateurs. \u00c0 travers ce projet, SPG confirme son r\u00f4le de moteur du changement dans l\u2019\u00e9cosyst\u00e8me alimentaire, en am\u00e9liorant l\u2019efficacit\u00e9 industrielle, en r\u00e9duisant l\u2019impact environnemental et en garantissant des emballages s\u00fbrs et tra\u00e7ables.<\/p>\n","protected":false},"excerpt":{"rendered":"<p>SP Group participe \u00e0 une initiative europ\u00e9enne ambitieuse d\u2019innovation visant \u00e0 d\u00e9velopper de nouvelles solutions durables et digitales, garantissant la [&hellip;]<\/p>\n","protected":false},"author":10,"featured_media":28757,"comment_status":"closed","ping_status":"closed","sticky":false,"template":"","format":"standard","meta":{"_acf_changed":false,"_uag_custom_page_level_css":"","footnotes":""},"categories":[457],"tags":[],"class_list":["post-28862","post","type-post","status-publish","format-standard","has-post-thumbnail","hentry","category-actualites-et-presses"],"acf":[],"uagb_featured_image_src":{"full":["https:\/\/www.spg-pack.com\/wp-content\/uploads\/2025\/09\/01mini.png",451,739,false],"thumbnail":["https:\/\/www.spg-pack.com\/wp-content\/uploads\/2025\/09\/01mini-150x150.png",150,150,true],"medium":["https:\/\/www.spg-pack.com\/wp-content\/uploads\/2025\/09\/01mini-183x300.png",183,300,true],"medium_large":["https:\/\/www.spg-pack.com\/wp-content\/uploads\/2025\/09\/01mini.png",451,739,false],"large":["https:\/\/www.spg-pack.com\/wp-content\/uploads\/2025\/09\/01mini.png",451,739,false],"1536x1536":["https:\/\/www.spg-pack.com\/wp-content\/uploads\/2025\/09\/01mini.png",451,739,false],"2048x2048":["https:\/\/www.spg-pack.com\/wp-content\/uploads\/2025\/09\/01mini.png",451,739,false],"destacado-size":["https:\/\/www.spg-pack.com\/wp-content\/uploads\/2025\/09\/01mini-260x180.png",260,180,true],"cuadrado-size":["https:\/\/www.spg-pack.com\/wp-content\/uploads\/2025\/09\/01mini-250x250.png",250,250,true]},"uagb_author_info":{"display_name":"AGSanchez","author_link":"https:\/\/www.spg-pack.com\/fr\/author\/agsanchez\/"},"uagb_comment_info":0,"uagb_excerpt":"SP Group participe \u00e0 une initiative europ\u00e9enne ambitieuse d\u2019innovation visant \u00e0 d\u00e9velopper de nouvelles solutions durables et digitales, garantissant la [&hellip;]","_links":{"self":[{"href":"https:\/\/www.spg-pack.com\/fr\/wp-json\/wp\/v2\/posts\/28862","targetHints":{"allow":["GET"]}}],"collection":[{"href":"https:\/\/www.spg-pack.com\/fr\/wp-json\/wp\/v2\/posts"}],"about":[{"href":"https:\/\/www.spg-pack.com\/fr\/wp-json\/wp\/v2\/types\/post"}],"author":[{"embeddable":true,"href":"https:\/\/www.spg-pack.com\/fr\/wp-json\/wp\/v2\/users\/10"}],"replies":[{"embeddable":true,"href":"https:\/\/www.spg-pack.com\/fr\/wp-json\/wp\/v2\/comments?post=28862"}],"version-history":[{"count":1,"href":"https:\/\/www.spg-pack.com\/fr\/wp-json\/wp\/v2\/posts\/28862\/revisions"}],"predecessor-version":[{"id":28863,"href":"https:\/\/www.spg-pack.com\/fr\/wp-json\/wp\/v2\/posts\/28862\/revisions\/28863"}],"wp:featuredmedia":[{"embeddable":true,"href":"https:\/\/www.spg-pack.com\/fr\/wp-json\/wp\/v2\/media\/28757"}],"wp:attachment":[{"href":"https:\/\/www.spg-pack.com\/fr\/wp-json\/wp\/v2\/media?parent=28862"}],"wp:term":[{"taxonomy":"category","embeddable":true,"href":"https:\/\/www.spg-pack.com\/fr\/wp-json\/wp\/v2\/categories?post=28862"},{"taxonomy":"post_tag","embeddable":true,"href":"https:\/\/www.spg-pack.com\/fr\/wp-json\/wp\/v2\/tags?post=28862"}],"curies":[{"name":"wp","href":"https:\/\/api.w.org\/{rel}","templated":true}]}}