{"id":25949,"date":"2025-02-21T10:57:28","date_gmt":"2025-02-21T09:57:28","guid":{"rendered":"https:\/\/www.spg-pack.com\/?p=25949"},"modified":"2025-02-21T10:58:13","modified_gmt":"2025-02-21T09:58:13","slug":"spg-cloture-une-annee-2024-de-croissance-dinnovation-et-dexpansion","status":"publish","type":"post","link":"https:\/\/www.spg-pack.com\/fr\/spg-cloture-une-annee-2024-de-croissance-dinnovation-et-dexpansion\/","title":{"rendered":"SPG cl\u00f4ture une ann\u00e9e 2024 de croissance, d&rsquo;innovation et d&rsquo;expansion"},"content":{"rendered":"\n<p>Chez SPG, <strong>nous cl\u00f4turons une ann\u00e9e 2024 marqu\u00e9e par des avanc\u00e9es significatives et une croissance soutenue<\/strong>, consolidant ainsi notre position de r\u00e9f\u00e9rence dans les solutions innovantes d\u2019emballage flexible.<\/p>\n\n\n\n<div class=\"wp-block-uagb-advanced-heading uagb-block-ed3dd148\"><h2 class=\"uagb-heading-text\"><strong>Croissance et expansion<\/strong><\/h2><\/div>\n\n\n\n<p>Notre \u00e9volution en 2024 a \u00e9t\u00e9 remarquable. <strong>Avec environ 900 collaborateurs<\/strong> au sein du groupe, nous avons atteint une production de 37,7 millions de kg et r\u00e9alis\u00e9 un chiffre d\u2019affaires de 201 millions d\u2019euros. Nos exportations se sont \u00e9lev\u00e9es \u00e0 60 millions d\u2019euros, repr\u00e9sentant 30 % de notre chiffre d\u2019affaires total.<\/p>\n\n\n\n<p><strong>Nous op\u00e9rons sur des <a href=\"https:\/\/www.spg-pack.com\/fr\/nouvelles-zones-dexpansion\/\" target=\"_blank\" rel=\"noreferrer noopener\">march\u00e9s cl\u00e9s<\/a> en Europe<\/strong>, notamment en France, Espagne, Portugal, Allemagne, Belgique, Royaume-Uni, Su\u00e8de, Norv\u00e8ge, Pologne, Italie, Lettonie, Estonie, Lituanie, Pays-Bas, R\u00e9publique tch\u00e8que, Gr\u00e8ce, Suisse et Luxembourg.<\/p>\n\n\n\n<div class=\"wp-block-uagb-advanced-heading uagb-block-b413355b\"><h2 class=\"uagb-heading-text\"><strong>Investissements cl\u00e9s pour l\u2019avenir<\/strong><\/h2><\/div>\n\n\n\n<p><strong>Entre 2023 et 2025, nous avons engag\u00e9 un plan d\u2019investissement ambitieux de 14 millions d\u2019euros<\/strong>, ax\u00e9 sur l\u2019am\u00e9lioration des infrastructures et des \u00e9quipements. En 2024, nous avons notamment int\u00e9gr\u00e9 :<br>\u2714 <strong>Une nouvelle presse h\u00e9liogravure<\/strong> 9 couleurs, d\u00e9j\u00e0 op\u00e9rationnelle dans notre usine de Villarrubia.<br>\u2714 <strong>Une machine de fabrication de sachets<\/strong> pour l\u2019alimentation animale, avec des r\u00e9glages automatiques et une production \u00e0 haute vitesse.<br>\u2714 <strong>Une nouvelle machine de d\u00e9coupe<\/strong>, am\u00e9liorant notre efficacit\u00e9 de production.<\/p>\n","protected":false},"excerpt":{"rendered":"<p>Chez SPG, nous cl\u00f4turons une ann\u00e9e 2024 marqu\u00e9e par des avanc\u00e9es significatives et une croissance soutenue, consolidant ainsi notre position [&hellip;]<\/p>\n","protected":false},"author":10,"featured_media":26047,"comment_status":"closed","ping_status":"closed","sticky":false,"template":"","format":"standard","meta":{"_acf_changed":false,"_uag_custom_page_level_css":"","footnotes":""},"categories":[457],"tags":[],"class_list":["post-25949","post","type-post","status-publish","format-standard","has-post-thumbnail","hentry","category-actualites-et-presses"],"acf":[],"uagb_featured_image_src":{"full":["https:\/\/www.spg-pack.com\/wp-content\/uploads\/2025\/02\/03_MINI.jpg",236,357,false],"thumbnail":["https:\/\/www.spg-pack.com\/wp-content\/uploads\/2025\/02\/03_MINI-150x150.jpg",150,150,true],"medium":["https:\/\/www.spg-pack.com\/wp-content\/uploads\/2025\/02\/03_MINI-198x300.jpg",198,300,true],"medium_large":["https:\/\/www.spg-pack.com\/wp-content\/uploads\/2025\/02\/03_MINI.jpg",236,357,false],"large":["https:\/\/www.spg-pack.com\/wp-content\/uploads\/2025\/02\/03_MINI.jpg",236,357,false],"1536x1536":["https:\/\/www.spg-pack.com\/wp-content\/uploads\/2025\/02\/03_MINI.jpg",236,357,false],"2048x2048":["https:\/\/www.spg-pack.com\/wp-content\/uploads\/2025\/02\/03_MINI.jpg",236,357,false],"destacado-size":["https:\/\/www.spg-pack.com\/wp-content\/uploads\/2025\/02\/03_MINI-236x180.jpg",236,180,true],"cuadrado-size":["https:\/\/www.spg-pack.com\/wp-content\/uploads\/2025\/02\/03_MINI-236x250.jpg",236,250,true]},"uagb_author_info":{"display_name":"AGSanchez","author_link":"https:\/\/www.spg-pack.com\/fr\/author\/agsanchez\/"},"uagb_comment_info":0,"uagb_excerpt":"Chez SPG, nous cl\u00f4turons une ann\u00e9e 2024 marqu\u00e9e par des avanc\u00e9es significatives et une croissance soutenue, consolidant ainsi notre position [&hellip;]","_links":{"self":[{"href":"https:\/\/www.spg-pack.com\/fr\/wp-json\/wp\/v2\/posts\/25949","targetHints":{"allow":["GET"]}}],"collection":[{"href":"https:\/\/www.spg-pack.com\/fr\/wp-json\/wp\/v2\/posts"}],"about":[{"href":"https:\/\/www.spg-pack.com\/fr\/wp-json\/wp\/v2\/types\/post"}],"author":[{"embeddable":true,"href":"https:\/\/www.spg-pack.com\/fr\/wp-json\/wp\/v2\/users\/10"}],"replies":[{"embeddable":true,"href":"https:\/\/www.spg-pack.com\/fr\/wp-json\/wp\/v2\/comments?post=25949"}],"version-history":[{"count":2,"href":"https:\/\/www.spg-pack.com\/fr\/wp-json\/wp\/v2\/posts\/25949\/revisions"}],"predecessor-version":[{"id":26101,"href":"https:\/\/www.spg-pack.com\/fr\/wp-json\/wp\/v2\/posts\/25949\/revisions\/26101"}],"wp:featuredmedia":[{"embeddable":true,"href":"https:\/\/www.spg-pack.com\/fr\/wp-json\/wp\/v2\/media\/26047"}],"wp:attachment":[{"href":"https:\/\/www.spg-pack.com\/fr\/wp-json\/wp\/v2\/media?parent=25949"}],"wp:term":[{"taxonomy":"category","embeddable":true,"href":"https:\/\/www.spg-pack.com\/fr\/wp-json\/wp\/v2\/categories?post=25949"},{"taxonomy":"post_tag","embeddable":true,"href":"https:\/\/www.spg-pack.com\/fr\/wp-json\/wp\/v2\/tags?post=25949"}],"curies":[{"name":"wp","href":"https:\/\/api.w.org\/{rel}","templated":true}]}}