{"id":24422,"date":"2024-07-17T12:15:37","date_gmt":"2024-07-17T10:15:37","guid":{"rendered":"https:\/\/www.spg-pack.com\/?p=24422"},"modified":"2024-07-17T12:16:21","modified_gmt":"2024-07-17T10:16:21","slug":"unsere-teilnahme-an-der-cfia-2024","status":"publish","type":"post","link":"https:\/\/www.spg-pack.com\/de\/unsere-teilnahme-an-der-cfia-2024\/","title":{"rendered":"UNSERE TEILNAHME AN DER CFIA 2024"},"content":{"rendered":"\n<p>Seit 27 Jahren ist die CFIA RENNES die Referenzmesse f\u00fcr den Lebensmittel- und Agrarlebensmittelsektor.<\/p>\n\n\n\n<p>Die Veranstaltung, die am <strong>12., 13. und 14. M\u00e4rz im Parc Expo Rennes in Bruz (Frankreich)<\/strong>, dem Zentrum der wichtigsten Agrarlebensmittelregion Europas, stattfand, war ein voller Erfolg mit 21.558 Besuchern (9 % mehr als auf der CFIA 2023) und insgesamt 1.700 Ausstellern.<\/p>\n\n\n\n<p>SPG setzt seit vielen Jahren auf die CFIA EXPO, da sie uns erm\u00f6glicht, direkten und pers\u00f6nlichen Kontakt mit Ihnen zu haben, um Ihre gr\u00f6\u00dften heutigen Herausforderungen zu verstehen, zu \u00fcberpr\u00fcfen und L\u00f6sungen vorzuschlagen.<\/p>\n\n\n\n<p>Eine einzigartige Gelegenheit, Ihnen die neuen Entwicklungen vorzustellen, an denen wir gearbeitet haben und die Sie bereits in Ihre Verpackungen \u00fcbernehmen k\u00f6nnen, um die lang ersehnte Differenzierung im Vertriebsregal zu finden.<\/p>\n\n\n\n<p><strong>W\u00e4hrend der drei Messetage besuchten uns Kunden und Besucher an unserem Stand, die gro\u00dfes Interesse an unseren Monomaterial-PE- und PP-Doypack-Beuteln zeigten, die digital bedruckt sind.<\/strong> Sie stellten Fragen, wie man von herk\u00f6mmlichen Strukturen zu nachhaltigeren Strukturen wechseln kann, um Materialien zu reduzieren oder das Recycling zu erleichtern.<\/p>\n\n\n\n<p>Solche Messen sind eine gro\u00dfartige Gelegenheit, die neuen Marktanforderungen kennenzulernen und \u00fcber alle Innovationen auf dem Laufenden zu bleiben.<\/p>\n\n\n\n<p>Wir freuen uns darauf, <strong>Sie im n\u00e4chsten Jahr auf der CFIA EXPO zu sehen!<\/strong><\/p>\n","protected":false},"excerpt":{"rendered":"<p>Seit 27 Jahren ist die CFIA RENNES die Referenzmesse f\u00fcr den Lebensmittel- und Agrarlebensmittelsektor. Die Veranstaltung, die am 12., 13. [&hellip;]<\/p>\n","protected":false},"author":10,"featured_media":23922,"comment_status":"open","ping_status":"closed","sticky":false,"template":"","format":"standard","meta":{"_acf_changed":false,"_uag_custom_page_level_css":"","footnotes":""},"categories":[565],"tags":[],"class_list":["post-24422","post","type-post","status-publish","format-standard","has-post-thumbnail","hentry","category-nachrichten"],"acf":[],"uagb_featured_image_src":{"full":["https:\/\/www.spg-pack.com\/wp-content\/uploads\/2024\/04\/04_MINI.jpg",236,357,false],"thumbnail":["https:\/\/www.spg-pack.com\/wp-content\/uploads\/2024\/04\/04_MINI-150x150.jpg",150,150,true],"medium":["https:\/\/www.spg-pack.com\/wp-content\/uploads\/2024\/04\/04_MINI-198x300.jpg",198,300,true],"medium_large":["https:\/\/www.spg-pack.com\/wp-content\/uploads\/2024\/04\/04_MINI.jpg",236,357,false],"large":["https:\/\/www.spg-pack.com\/wp-content\/uploads\/2024\/04\/04_MINI.jpg",236,357,false],"1536x1536":["https:\/\/www.spg-pack.com\/wp-content\/uploads\/2024\/04\/04_MINI.jpg",236,357,false],"2048x2048":["https:\/\/www.spg-pack.com\/wp-content\/uploads\/2024\/04\/04_MINI.jpg",236,357,false],"destacado-size":["https:\/\/www.spg-pack.com\/wp-content\/uploads\/2024\/04\/04_MINI-236x180.jpg",236,180,true],"cuadrado-size":["https:\/\/www.spg-pack.com\/wp-content\/uploads\/2024\/04\/04_MINI-236x250.jpg",236,250,true]},"uagb_author_info":{"display_name":"AGSanchez","author_link":"https:\/\/www.spg-pack.com\/de\/author\/agsanchez\/"},"uagb_comment_info":0,"uagb_excerpt":"Seit 27 Jahren ist die CFIA RENNES die Referenzmesse f\u00fcr den Lebensmittel- und Agrarlebensmittelsektor. Die Veranstaltung, die am 12., 13. [&hellip;]","_links":{"self":[{"href":"https:\/\/www.spg-pack.com\/de\/wp-json\/wp\/v2\/posts\/24422","targetHints":{"allow":["GET"]}}],"collection":[{"href":"https:\/\/www.spg-pack.com\/de\/wp-json\/wp\/v2\/posts"}],"about":[{"href":"https:\/\/www.spg-pack.com\/de\/wp-json\/wp\/v2\/types\/post"}],"author":[{"embeddable":true,"href":"https:\/\/www.spg-pack.com\/de\/wp-json\/wp\/v2\/users\/10"}],"replies":[{"embeddable":true,"href":"https:\/\/www.spg-pack.com\/de\/wp-json\/wp\/v2\/comments?post=24422"}],"version-history":[{"count":2,"href":"https:\/\/www.spg-pack.com\/de\/wp-json\/wp\/v2\/posts\/24422\/revisions"}],"predecessor-version":[{"id":24424,"href":"https:\/\/www.spg-pack.com\/de\/wp-json\/wp\/v2\/posts\/24422\/revisions\/24424"}],"wp:featuredmedia":[{"embeddable":true,"href":"https:\/\/www.spg-pack.com\/de\/wp-json\/wp\/v2\/media\/23922"}],"wp:attachment":[{"href":"https:\/\/www.spg-pack.com\/de\/wp-json\/wp\/v2\/media?parent=24422"}],"wp:term":[{"taxonomy":"category","embeddable":true,"href":"https:\/\/www.spg-pack.com\/de\/wp-json\/wp\/v2\/categories?post=24422"},{"taxonomy":"post_tag","embeddable":true,"href":"https:\/\/www.spg-pack.com\/de\/wp-json\/wp\/v2\/tags?post=24422"}],"curies":[{"name":"wp","href":"https:\/\/api.w.org\/{rel}","templated":true}]}}